{"id":1300,"date":"2025-03-20T14:17:46","date_gmt":"2025-03-20T13:17:46","guid":{"rendered":"https:\/\/orbius.premiumthemes.in\/?p=1300"},"modified":"2025-09-29T20:00:38","modified_gmt":"2025-09-29T18:00:38","slug":"proc-je-pro-podnikatele-klicove-mit-profil-na-socialnich-sitich","status":"publish","type":"post","link":"https:\/\/www.manert.cz\/en\/proc-je-pro-podnikatele-klicove-mit-profil-na-socialnich-sitich\/","title":{"rendered":"Pro\u010d je pro podnikatele kl\u00ed\u010dov\u00e9 m\u00edt profil na soci\u00e1ln\u00edch s\u00edt\u00edch?"},"content":{"rendered":"<div data-elementor-type=\"wp-post\" data-elementor-id=\"1300\" class=\"elementor elementor-1300\">\n\t\t\t\t<div class=\"elementor-element elementor-element-f508065 e-flex e-con-boxed e-con e-parent\" data-id=\"f508065\" data-element_type=\"container\" data-e-type=\"container\" data-settings=\"{&quot;mk_ext_is_sticky&quot;:&quot;false&quot;}\">\n\t\t\t\t\t<div class=\"e-con-inner\">\n\t\t\t\t<div class=\"elementor-element elementor-element-c49a11f elementor-widget elementor-widget-text-editor\" data-id=\"c49a11f\" data-element_type=\"widget\" data-e-type=\"widget\" data-settings=\"{&quot;mk_ext_is_infinite&quot;:&quot;false&quot;,&quot;mk_ext_is_scrollme&quot;:&quot;false&quot;}\" data-widget_type=\"text-editor.default\">\n\t\t\t\t<div class=\"elementor-widget-container\">\n\t\t\t\t\t\t\t\t\t<p>P\u0159\u00edtomnost na soci\u00e1ln\u00edch s\u00edt\u00edch je v&nbsp;dne\u0161n\u00edm digit\u00e1ln\u00edm sv\u011bt\u011b pro podnikatele nezbytnost\u00ed. Soci\u00e1ln\u00ed m\u00e9dia p\u0159in\u00e1\u0161ej\u00ed nep\u0159ebern\u00e9 mno\u017estv\u00ed p\u0159\u00edle\u017eitost\u00ed pro podnik\u00e1n\u00ed a&nbsp;efektivn\u00ed komunikaci s&nbsp;c\u00edlovou skupinou. Nez\u00e1le\u017e\u00ed na velikosti Va\u0161\u00ed firmy &#8211; od mal\u00fdch \u017eivnostn\u00edk\u016f, p\u0159es mal\u00e9 a&nbsp;st\u0159edn\u00ed firmy a\u017e po&nbsp;velk\u00e9 nadn\u00e1rodn\u00ed korporace &#8211; ka\u017ed\u00fd podnikatel by m\u011bl zv\u00e1\u017eit vytvo\u0159en\u00ed a&nbsp;udr\u017eov\u00e1n\u00ed aktivn\u00edho profilu na soci\u00e1ln\u00edch s\u00edt\u00edch. N\u00e1sleduj\u00edc\u00ed \u010dl\u00e1nek se v&nbsp;6 bodech zam\u011b\u0159\u00ed na d\u016fle\u017eit\u00e9 d\u016fvody, pro\u010d byste nem\u011bli tento fenom\u00e9n ignorovat.<\/p>\t\t\t\t\t\t\t\t<\/div>\n\t\t\t\t<\/div>\n\t\t\t\t<div class=\"elementor-element elementor-element-260d5c3 mk-title-align--left elementor-widget elementor-widget-mk_title\" data-id=\"260d5c3\" data-element_type=\"widget\" data-e-type=\"widget\" data-settings=\"{&quot;mk_ext_is_infinite&quot;:&quot;false&quot;,&quot;mk_ext_is_scrollme&quot;:&quot;false&quot;}\" data-widget_type=\"mk_title.default\">\n\t\t\t\t<div class=\"elementor-widget-container\">\n\t\t\t\t\t<div class=\"mk-title mk-title-default\"><h2 class=\"mk-title-heading swm-hide-none\"><span><span class=\"mk-title-prefix\"> 1.<\/span>obrovsk\u00fd potenci\u00e1l pro dosa\u017een\u00ed nov\u00fdch z\u00e1kazn\u00edk\u016f<\/span><\/h2><\/div>\t\t\t\t<\/div>\n\t\t\t\t<\/div>\n\t\t\t\t<div class=\"elementor-element elementor-element-14f749e elementor-widget elementor-widget-text-editor\" data-id=\"14f749e\" data-element_type=\"widget\" data-e-type=\"widget\" data-settings=\"{&quot;mk_ext_is_infinite&quot;:&quot;false&quot;,&quot;mk_ext_is_scrollme&quot;:&quot;false&quot;}\" data-widget_type=\"text-editor.default\">\n\t\t\t\t<div class=\"elementor-widget-container\">\n\t\t\t\t\t\t\t\t\t<p>Soci\u00e1ln\u00ed s\u00edt\u011b spojuj\u00ed miliony u\u017eivatel\u016f po&nbsp;cel\u00e9m sv\u011bt\u011b, co\u017e nab\u00edz\u00ed obrovsk\u00fd potenci\u00e1l pro dosa\u017een\u00ed nov\u00fdch z\u00e1kazn\u00edk\u016f. M\u016f\u017eete si vybudovat loaj\u00e1ln\u00ed komunitu, sd\u00edlet relevantn\u00ed obsah a&nbsp;z\u00e1rove\u0148 monitorovat, jak Va\u0161e publikum na V\u00e1\u0161 obsah reaguje. Tato interakce V\u00e1m umo\u017en\u00ed l\u00e9pe porozum\u011bt pot\u0159eb\u00e1m a&nbsp;p\u0159\u00e1n\u00edm Va\u0161ich z\u00e1kazn\u00edk\u016f, \u010d\u00edm\u017e z\u00edsk\u00e1te cenn\u00e9 informace pro rozvoj Va\u0161eho podnik\u00e1n\u00ed.<\/p>\t\t\t\t\t\t\t\t<\/div>\n\t\t\t\t<\/div>\n\t\t\t\t<div class=\"elementor-element elementor-element-92a0095 mk-title-align--left elementor-widget elementor-widget-mk_title\" data-id=\"92a0095\" data-element_type=\"widget\" data-e-type=\"widget\" data-settings=\"{&quot;mk_ext_is_infinite&quot;:&quot;false&quot;,&quot;mk_ext_is_scrollme&quot;:&quot;false&quot;}\" data-widget_type=\"mk_title.default\">\n\t\t\t\t<div class=\"elementor-widget-container\">\n\t\t\t\t\t<div class=\"mk-title mk-title-default\"><h2 class=\"mk-title-heading swm-hide-none\"><span><span class=\"mk-title-prefix\"> 2.<\/span>efektivn\u00ed marketingov\u00fd n\u00e1stroj<\/span><\/h2><\/div>\t\t\t\t<\/div>\n\t\t\t\t<\/div>\n\t\t\t\t<div class=\"elementor-element elementor-element-5366b22 elementor-widget elementor-widget-text-editor\" data-id=\"5366b22\" data-element_type=\"widget\" data-e-type=\"widget\" data-settings=\"{&quot;mk_ext_is_infinite&quot;:&quot;false&quot;,&quot;mk_ext_is_scrollme&quot;:&quot;false&quot;}\" data-widget_type=\"text-editor.default\">\n\t\t\t\t<div class=\"elementor-widget-container\">\n\t\t\t\t\t\t\t\t\t<p>Veden\u00ed tradi\u010dn\u00edch reklamn\u00edch kampan\u00ed m\u016f\u017ee b\u00fdt n\u00e1kladn\u00e9 a&nbsp;\u010dasov\u011b n\u00e1ro\u010dn\u00e9. Soci\u00e1ln\u00ed m\u00e9dia v\u00e1m ale umo\u017e\u0148uj\u00ed efektivn\u011b c\u00edlit na konkr\u00e9tn\u00ed c\u00edlovou skupinu, co\u017e vede k&nbsp;lep\u0161\u00edm v\u00fdsledk\u016fm a&nbsp;vy\u0161\u0161\u00ed n\u00e1vratnosti investic. Nav\u00edc m\u016f\u017eete vytv\u00e1\u0159et z\u00e1bavn\u00fd a&nbsp;zaj\u00edmav\u00fd obsah, kter\u00fd zaujme va\u0161e potenci\u00e1ln\u00ed z\u00e1kazn\u00edky a&nbsp;bude sd\u00edlen\u00fd dal\u0161\u00edmi u\u017eivateli, \u010d\u00edm\u017e se va\u0161e zna\u010dka dostane k&nbsp;je\u0161t\u011b \u0161ir\u0161\u00edmu publiku.<\/p>\t\t\t\t\t\t\t\t<\/div>\n\t\t\t\t<\/div>\n\t\t\t\t<div class=\"elementor-element elementor-element-767f049 mk-title-align--left elementor-widget elementor-widget-mk_title\" data-id=\"767f049\" data-element_type=\"widget\" data-e-type=\"widget\" data-settings=\"{&quot;mk_ext_is_infinite&quot;:&quot;false&quot;,&quot;mk_ext_is_scrollme&quot;:&quot;false&quot;}\" data-widget_type=\"mk_title.default\">\n\t\t\t\t<div class=\"elementor-widget-container\">\n\t\t\t\t\t<div class=\"mk-title mk-title-default\"><h2 class=\"mk-title-heading swm-hide-none\"><span><span class=\"mk-title-prefix\"> 3.<\/span>budov\u00e1n\u00ed d\u016fv\u011bry a&nbsp;zna\u010dky<\/span><\/h2><\/div>\t\t\t\t<\/div>\n\t\t\t\t<\/div>\n\t\t\t\t<div class=\"elementor-element elementor-element-c6610a1 elementor-widget elementor-widget-text-editor\" data-id=\"c6610a1\" data-element_type=\"widget\" data-e-type=\"widget\" data-settings=\"{&quot;mk_ext_is_infinite&quot;:&quot;false&quot;,&quot;mk_ext_is_scrollme&quot;:&quot;false&quot;}\" data-widget_type=\"text-editor.default\">\n\t\t\t\t<div class=\"elementor-widget-container\">\n\t\t\t\t\t\t\t\t\t<p>P\u0159\u00edtomnost na soci\u00e1ln\u00edch s\u00edt\u00edch v\u00e1m umo\u017e\u0148uje budovat d\u016fv\u011bru a&nbsp;posilovat va\u0161i zna\u010dku. Kdy\u017e budete aktivn\u011b komunikovat se z\u00e1kazn\u00edky a&nbsp;poskytovat kvalitn\u00ed obsah, z\u00edsk\u00e1te si jejich loajalitu. Pravideln\u00e9 sd\u00edlen\u00ed u\u017eite\u010dn\u00fdch informac\u00ed nebo tip\u016f ukazuje, \u017ee&nbsp;nejde jen o&nbsp;snahu prodat, ale tak\u00e9 o&nbsp;z\u00e1jem o&nbsp;pot\u0159eby a&nbsp;z\u00e1jmy z\u00e1kazn\u00edk\u016f. D\u00edky tomu se stanete d\u016fv\u011bryhodn\u00fdm partnerem a&nbsp;z\u00e1kazn\u00edci budou preferovat va\u0161e produkty nebo slu\u017eby p\u0159ed konkurenc\u00ed.<\/p>\t\t\t\t\t\t\t\t<\/div>\n\t\t\t\t<\/div>\n\t\t\t\t<div class=\"elementor-element elementor-element-7662fe1 mk-title-align--left elementor-widget elementor-widget-mk_title\" data-id=\"7662fe1\" data-element_type=\"widget\" data-e-type=\"widget\" data-settings=\"{&quot;mk_ext_is_infinite&quot;:&quot;false&quot;,&quot;mk_ext_is_scrollme&quot;:&quot;false&quot;}\" data-widget_type=\"mk_title.default\">\n\t\t\t\t<div class=\"elementor-widget-container\">\n\t\t\t\t\t<div class=\"mk-title mk-title-default\"><h2 class=\"mk-title-heading swm-hide-none\"><span><span class=\"mk-title-prefix\"> 4.<\/span>konkuren\u010dn\u00ed v\u00fdhoda<\/span><\/h2><\/div>\t\t\t\t<\/div>\n\t\t\t\t<\/div>\n\t\t\t\t<div class=\"elementor-element elementor-element-c9dd215 elementor-widget elementor-widget-text-editor\" data-id=\"c9dd215\" data-element_type=\"widget\" data-e-type=\"widget\" data-settings=\"{&quot;mk_ext_is_infinite&quot;:&quot;false&quot;,&quot;mk_ext_is_scrollme&quot;:&quot;false&quot;}\" data-widget_type=\"text-editor.default\">\n\t\t\t\t<div class=\"elementor-widget-container\">\n\t\t\t\t\t\t\t\t\t<p>Mnoho podnikatel\u016f st\u00e1le nevid\u00ed d\u016fle\u017eitost soci\u00e1ln\u00edch m\u00e9di\u00ed nebo se ob\u00e1vaj\u00ed investice do tohoto typu marketingu. Pokud vy budete mezi t\u011bmi, kte\u0159\u00ed na soci\u00e1ln\u00edch s\u00edt\u00edch \u00fasp\u011b\u0161n\u011b buduj\u00ed zna\u010dku a&nbsp;komunikuj\u00ed s&nbsp;klientelou, z\u00edsk\u00e1v\u00e1te konkuren\u010dn\u00ed v\u00fdhodu. M\u016f\u017eete oslovit z\u00e1kazn\u00edky, kte\u0159\u00ed v\u00e1haj\u00ed s&nbsp;n\u00e1kupem, ale aktivn\u011b se zapojuj\u00ed na soci\u00e1ln\u00edch s\u00edt\u00edch a&nbsp;vytv\u00e1\u0159\u00edte tak \u0161anci, \u017ee&nbsp;se stanou va\u0161imi z\u00e1kazn\u00edky m\u00edsto konkurence.<\/p>\t\t\t\t\t\t\t\t<\/div>\n\t\t\t\t<\/div>\n\t\t\t\t<div class=\"elementor-element elementor-element-c6cd34a mk-title-align--left elementor-widget elementor-widget-mk_title\" data-id=\"c6cd34a\" data-element_type=\"widget\" data-e-type=\"widget\" data-settings=\"{&quot;mk_ext_is_infinite&quot;:&quot;false&quot;,&quot;mk_ext_is_scrollme&quot;:&quot;false&quot;}\" data-widget_type=\"mk_title.default\">\n\t\t\t\t<div class=\"elementor-widget-container\">\n\t\t\t\t\t<div class=\"mk-title mk-title-default\"><h2 class=\"mk-title-heading swm-hide-none\"><span><span class=\"mk-title-prefix\"> 5.<\/span>zvy\u0161uje prodeje a&nbsp;ziskovost<\/span><\/h2><\/div>\t\t\t\t<\/div>\n\t\t\t\t<\/div>\n\t\t\t\t<div class=\"elementor-element elementor-element-9d00d8d elementor-widget elementor-widget-text-editor\" data-id=\"9d00d8d\" data-element_type=\"widget\" data-e-type=\"widget\" data-settings=\"{&quot;mk_ext_is_infinite&quot;:&quot;false&quot;,&quot;mk_ext_is_scrollme&quot;:&quot;false&quot;}\" data-widget_type=\"text-editor.default\">\n\t\t\t\t<div class=\"elementor-widget-container\">\n\t\t\t\t\t\t\t\t\t<p>D\u016fsledn\u00e1 a&nbsp;dob\u0159e promy\u0161len\u00e1 strategie soci\u00e1ln\u00edch m\u00e9di\u00ed m\u016f\u017ee v\u00e9st k&nbsp;v\u00fdrazn\u00e9mu zv\u00fd\u0161en\u00ed prodej\u016f a&nbsp;ziskovosti. D\u00edky aktivn\u00edm kampan\u00edm, sout\u011b\u017e\u00edm a&nbsp;propagaci nov\u00fdch produkt\u016f \u010di&nbsp;slu\u017eeb m\u016f\u017eete generovat z\u00e1jem a&nbsp;v\u011bt\u0161\u00ed popt\u00e1vku po&nbsp;va\u0161ich nab\u00eddk\u00e1ch. Z\u00e1kazn\u00edci tak\u00e9 \u010dasto sd\u00edlej\u00ed sv\u00e9 pozitivn\u00ed zku\u0161enosti s&nbsp;va\u0161\u00edm podnikem, co\u017e vede k&nbsp;dal\u0161\u00edm potenci\u00e1ln\u00edm z\u00e1kazn\u00edk\u016fm.<\/p>\t\t\t\t\t\t\t\t<\/div>\n\t\t\t\t<\/div>\n\t\t\t\t<div class=\"elementor-element elementor-element-52448a0 mk-title-align--left elementor-widget elementor-widget-mk_title\" data-id=\"52448a0\" data-element_type=\"widget\" data-e-type=\"widget\" data-settings=\"{&quot;mk_ext_is_infinite&quot;:&quot;false&quot;,&quot;mk_ext_is_scrollme&quot;:&quot;false&quot;}\" data-widget_type=\"mk_title.default\">\n\t\t\t\t<div class=\"elementor-widget-container\">\n\t\t\t\t\t<div class=\"mk-title mk-title-default\"><h2 class=\"mk-title-heading swm-hide-none\"><span><span class=\"mk-title-prefix\"> 6.<\/span>rychl\u00e1 a&nbsp;efektivn\u00ed zp\u011btn\u00e1 vazba<\/span><\/h2><\/div>\t\t\t\t<\/div>\n\t\t\t\t<\/div>\n\t\t\t\t<div class=\"elementor-element elementor-element-e0139d1 elementor-widget elementor-widget-text-editor\" data-id=\"e0139d1\" data-element_type=\"widget\" data-e-type=\"widget\" data-settings=\"{&quot;mk_ext_is_infinite&quot;:&quot;false&quot;,&quot;mk_ext_is_scrollme&quot;:&quot;false&quot;}\" data-widget_type=\"text-editor.default\">\n\t\t\t\t<div class=\"elementor-widget-container\">\n\t\t\t\t\t\t\t\t\t<p>Soci\u00e1ln\u00ed m\u00e9dia p\u0159in\u00e1\u0161ej\u00ed nejen mo\u017enost prezentace va\u0161eho podnik\u00e1n\u00ed, ale tak\u00e9 umo\u017e\u0148uj\u00ed rychlou a&nbsp;efektivn\u00ed zp\u011btnou vazbu od z\u00e1kazn\u00edk\u016f. To je nepostradateln\u00fd n\u00e1stroj pro sledov\u00e1n\u00ed n\u00e1zor\u016f, hodnocen\u00ed a&nbsp;p\u0159ipom\u00ednek va\u0161\u00ed klientely. D\u00edky interakci na soci\u00e1ln\u00edch s\u00edt\u00edch m\u016f\u017eete identifikovat mo\u017en\u00e9 probl\u00e9my a&nbsp;na jejich z\u00e1klad\u011b zlep\u0161ovat produkty nebo slu\u017eby. Otev\u0159en\u00e1 komunikace s&nbsp;v\u00e1mi d\u00e1 va\u0161im z\u00e1kazn\u00edk\u016fm pocit, \u017ee&nbsp;jsou sly\u0161eni a&nbsp;\u017ee&nbsp;va\u0161e firma si v\u00e1\u017e\u00ed jejich n\u00e1zor\u016f, co\u017e vede k&nbsp;dlouhodob\u00e9 loajalit\u011b a&nbsp;spokojenosti z\u00e1kazn\u00edk\u016f.<\/p>\t\t\t\t\t\t\t\t<\/div>\n\t\t\t\t<\/div>\n\t\t\t\t<div class=\"elementor-element elementor-element-884c232 elementor-widget elementor-widget-text-editor\" data-id=\"884c232\" data-element_type=\"widget\" data-e-type=\"widget\" data-settings=\"{&quot;mk_ext_is_infinite&quot;:&quot;false&quot;,&quot;mk_ext_is_scrollme&quot;:&quot;false&quot;}\" data-widget_type=\"text-editor.default\">\n\t\t\t\t<div class=\"elementor-widget-container\">\n\t\t\t\t\t\t\t\t\t<p>Z\u0159\u00edzen\u00ed profilu na soci\u00e1ln\u00edch s\u00edt\u00edch nen\u00ed jen m\u00f3dn\u00ed z\u00e1le\u017eitost\u00ed. Je to nezbytn\u00fd n\u00e1stroj pro podnikatele, kte\u0159\u00ed cht\u011bj\u00ed udr\u017eet krok s&nbsp;konkurenc\u00ed a&nbsp;efektivn\u011b oslovovat nov\u00e9 z\u00e1kazn\u00edky. Dob\u0159e promy\u0161len\u00e1 a&nbsp;c\u00edlen\u00e1 strategie soci\u00e1ln\u00edch m\u00e9di\u00ed v\u00e1m umo\u017en\u00ed budovat d\u016fv\u011bru, posilovat zna\u010dku a&nbsp;zvy\u0161ovat prodeje.<\/p>\t\t\t\t\t\t\t\t<\/div>\n\t\t\t\t<\/div>\n\t\t\t\t<div class=\"elementor-element elementor-element-4fe8f79 elementor-widget elementor-widget-text-editor\" data-id=\"4fe8f79\" data-element_type=\"widget\" data-e-type=\"widget\" data-settings=\"{&quot;mk_ext_is_infinite&quot;:&quot;false&quot;,&quot;mk_ext_is_scrollme&quot;:&quot;false&quot;}\" data-widget_type=\"text-editor.default\">\n\t\t\t\t<div class=\"elementor-widget-container\">\n\t\t\t\t\t\t\t\t\t<p><a title=\"contact\" href=\"https:\/\/www.manert.cz\/en\/kontakt\/\">Tak nev\u00e1hejte a&nbsp;poj\u010fme se na to spole\u010dn\u011b vrhnout<\/a> \u2013 va\u0161emu podnik\u00e1n\u00ed to jenom prosp\u011bje!<\/p>\t\t\t\t\t\t\t\t<\/div>\n\t\t\t\t<\/div>\n\t\t\t\t\t<\/div>\n\t\t\t\t<\/div>\n\t\t\t\t<\/div>","protected":false},"excerpt":{"rendered":"<p>P\u0159\u00edtomnost na soci\u00e1ln\u00edch s\u00edt\u00edch je v&nbsp;dne\u0161n\u00edm digit\u00e1ln\u00edm sv\u011bt\u011b pro podnikatele nezbytnost\u00ed. <\/p>","protected":false},"author":1,"featured_media":0,"comment_status":"closed","ping_status":"closed","sticky":false,"template":"","format":"standard","meta":{"footnotes":""},"categories":[37],"tags":[],"class_list":["post-1300","post","type-post","status-publish","format-standard","hentry","category-socialni-site"],"yoast_head":"<!-- This site is optimized with the Yoast SEO plugin v27.5 - https:\/\/yoast.com\/product\/yoast-seo-wordpress\/ -->\n<title>Pro\u010d je pro podnikatele kl\u00ed\u010dov\u00e9 m\u00edt profil na soci\u00e1ln\u00edch s\u00edt\u00edch? &#8226; MANERT \u2022 Marketingov\u00e9 a digit\u00e1ln\u00ed studio<\/title>\n<meta name=\"description\" content=\"Nez\u00e1le\u017e\u00ed na velikosti firmy \u2013 ka\u017ed\u00fd podnikatel by m\u011bl zv\u00e1\u017eit vytvo\u0159en\u00ed a udr\u017eov\u00e1n\u00ed aktivn\u00edho profilu na soci\u00e1ln\u00edch s\u00edt\u00edch k budov\u00e1n\u00ed zna\u010dky.\" \/>\n<meta name=\"robots\" content=\"index, follow, max-snippet:-1, max-image-preview:large, max-video-preview:-1\" \/>\n<link rel=\"canonical\" href=\"https:\/\/www.manert.cz\/en\/proc-je-pro-podnikatele-klicove-mit-profil-na-socialnich-sitich\/\" \/>\n<meta property=\"og:locale\" content=\"en_GB\" \/>\n<meta property=\"og:type\" content=\"article\" \/>\n<meta property=\"og:title\" content=\"Pro\u010d je pro podnikatele kl\u00ed\u010dov\u00e9 m\u00edt profil na soci\u00e1ln\u00edch s\u00edt\u00edch? &#8226; MANERT \u2022 Marketingov\u00e9 a digit\u00e1ln\u00ed studio\" \/>\n<meta property=\"og:description\" content=\"Nez\u00e1le\u017e\u00ed na velikosti firmy \u2013 ka\u017ed\u00fd podnikatel by m\u011bl zv\u00e1\u017eit vytvo\u0159en\u00ed a udr\u017eov\u00e1n\u00ed aktivn\u00edho profilu na soci\u00e1ln\u00edch s\u00edt\u00edch k budov\u00e1n\u00ed zna\u010dky.\" \/>\n<meta property=\"og:url\" content=\"https:\/\/www.manert.cz\/en\/proc-je-pro-podnikatele-klicove-mit-profil-na-socialnich-sitich\/\" \/>\n<meta property=\"og:site_name\" content=\"MANERT \u2022 Marketingov\u00e9 a digit\u00e1ln\u00ed studio\" \/>\n<meta property=\"article:published_time\" content=\"2025-03-20T13:17:46+00:00\" \/>\n<meta property=\"article:modified_time\" content=\"2025-09-29T18:00:38+00:00\" \/>\n<meta name=\"author\" content=\"admin\" \/>\n<meta name=\"twitter:card\" content=\"summary_large_image\" \/>\n<meta name=\"twitter:label1\" content=\"Written by\" \/>\n\t<meta name=\"twitter:data1\" content=\"admin\" \/>\n\t<meta name=\"twitter:label2\" content=\"Estimated reading time\" \/>\n\t<meta name=\"twitter:data2\" content=\"3 minutes\" \/>\n<script type=\"application\/ld+json\" class=\"yoast-schema-graph\">{\"@context\":\"https:\\\/\\\/schema.org\",\"@graph\":[{\"@type\":\"Article\",\"@id\":\"https:\\\/\\\/www.manert.cz\\\/en\\\/proc-je-pro-podnikatele-klicove-mit-profil-na-socialnich-sitich\\\/#article\",\"isPartOf\":{\"@id\":\"https:\\\/\\\/www.manert.cz\\\/en\\\/proc-je-pro-podnikatele-klicove-mit-profil-na-socialnich-sitich\\\/\"},\"author\":{\"name\":\"admin\",\"@id\":\"https:\\\/\\\/www.manert.cz\\\/en\\\/#\\\/schema\\\/person\\\/7f87216f5154c7054734ed0e3b22dc7c\"},\"headline\":\"Pro\u010d je pro podnikatele kl\u00ed\u010dov\u00e9 m\u00edt profil na soci\u00e1ln\u00edch s\u00edt\u00edch?\",\"datePublished\":\"2025-03-20T13:17:46+00:00\",\"dateModified\":\"2025-09-29T18:00:38+00:00\",\"mainEntityOfPage\":{\"@id\":\"https:\\\/\\\/www.manert.cz\\\/en\\\/proc-je-pro-podnikatele-klicove-mit-profil-na-socialnich-sitich\\\/\"},\"wordCount\":821,\"publisher\":{\"@id\":\"https:\\\/\\\/www.manert.cz\\\/en\\\/#organization\"},\"articleSection\":[\"soci\u00e1ln\u00ed s\u00edt\u011b\"],\"inLanguage\":\"en-GB\"},{\"@type\":\"WebPage\",\"@id\":\"https:\\\/\\\/www.manert.cz\\\/en\\\/proc-je-pro-podnikatele-klicove-mit-profil-na-socialnich-sitich\\\/\",\"url\":\"https:\\\/\\\/www.manert.cz\\\/en\\\/proc-je-pro-podnikatele-klicove-mit-profil-na-socialnich-sitich\\\/\",\"name\":\"Pro\u010d je pro podnikatele kl\u00ed\u010dov\u00e9 m\u00edt profil na soci\u00e1ln\u00edch s\u00edt\u00edch? &#8226; MANERT \u2022 Marketingov\u00e9 a digit\u00e1ln\u00ed studio\",\"isPartOf\":{\"@id\":\"https:\\\/\\\/www.manert.cz\\\/en\\\/#website\"},\"datePublished\":\"2025-03-20T13:17:46+00:00\",\"dateModified\":\"2025-09-29T18:00:38+00:00\",\"description\":\"Nez\u00e1le\u017e\u00ed na velikosti firmy \u2013 ka\u017ed\u00fd podnikatel by m\u011bl zv\u00e1\u017eit vytvo\u0159en\u00ed a udr\u017eov\u00e1n\u00ed aktivn\u00edho profilu na soci\u00e1ln\u00edch s\u00edt\u00edch k budov\u00e1n\u00ed zna\u010dky.\",\"breadcrumb\":{\"@id\":\"https:\\\/\\\/www.manert.cz\\\/en\\\/proc-je-pro-podnikatele-klicove-mit-profil-na-socialnich-sitich\\\/#breadcrumb\"},\"inLanguage\":\"en-GB\",\"potentialAction\":[{\"@type\":\"ReadAction\",\"target\":[\"https:\\\/\\\/www.manert.cz\\\/en\\\/proc-je-pro-podnikatele-klicove-mit-profil-na-socialnich-sitich\\\/\"]}]},{\"@type\":\"BreadcrumbList\",\"@id\":\"https:\\\/\\\/www.manert.cz\\\/en\\\/proc-je-pro-podnikatele-klicove-mit-profil-na-socialnich-sitich\\\/#breadcrumb\",\"itemListElement\":[{\"@type\":\"ListItem\",\"position\":1,\"name\":\"\u00davodn\u00ed str\u00e1nka\",\"item\":\"https:\\\/\\\/www.manert.cz\\\/\"},{\"@type\":\"ListItem\",\"position\":2,\"name\":\"Pro\u010d je pro podnikatele kl\u00ed\u010dov\u00e9 m\u00edt profil na soci\u00e1ln\u00edch s\u00edt\u00edch?\"}]},{\"@type\":\"WebSite\",\"@id\":\"https:\\\/\\\/www.manert.cz\\\/en\\\/#website\",\"url\":\"https:\\\/\\\/www.manert.cz\\\/en\\\/\",\"name\":\"MANERT \u2022 Marketingov\u00e9 a digit\u00e1ln\u00ed studio\",\"description\":\"MANERT \u2022 Marketingov\u00e9 a digit\u00e1ln\u00ed studio\",\"publisher\":{\"@id\":\"https:\\\/\\\/www.manert.cz\\\/en\\\/#organization\"},\"alternateName\":\"MANERT \u2022 Marketingov\u00e9 a digit\u00e1ln\u00ed studio\",\"potentialAction\":[{\"@type\":\"SearchAction\",\"target\":{\"@type\":\"EntryPoint\",\"urlTemplate\":\"https:\\\/\\\/www.manert.cz\\\/en\\\/?s={search_term_string}\"},\"query-input\":{\"@type\":\"PropertyValueSpecification\",\"valueRequired\":true,\"valueName\":\"search_term_string\"}}],\"inLanguage\":\"en-GB\"},{\"@type\":\"Organization\",\"@id\":\"https:\\\/\\\/www.manert.cz\\\/en\\\/#organization\",\"name\":\"MANERT \u2022 Marketingov\u00e9 a digit\u00e1ln\u00ed studio\",\"alternateName\":\"MANERT\",\"url\":\"https:\\\/\\\/www.manert.cz\\\/en\\\/\",\"logo\":{\"@type\":\"ImageObject\",\"inLanguage\":\"en-GB\",\"@id\":\"https:\\\/\\\/www.manert.cz\\\/en\\\/#\\\/schema\\\/logo\\\/image\\\/\",\"url\":\"https:\\\/\\\/www.manert.cz\\\/wp-content\\\/uploads\\\/2025\\\/03\\\/m-favicon.png\",\"contentUrl\":\"https:\\\/\\\/www.manert.cz\\\/wp-content\\\/uploads\\\/2025\\\/03\\\/m-favicon.png\",\"width\":512,\"height\":512,\"caption\":\"MANERT \u2022 Marketingov\u00e9 a digit\u00e1ln\u00ed studio\"},\"image\":{\"@id\":\"https:\\\/\\\/www.manert.cz\\\/en\\\/#\\\/schema\\\/logo\\\/image\\\/\"}},{\"@type\":\"Person\",\"@id\":\"https:\\\/\\\/www.manert.cz\\\/en\\\/#\\\/schema\\\/person\\\/7f87216f5154c7054734ed0e3b22dc7c\",\"name\":\"admin\",\"image\":{\"@type\":\"ImageObject\",\"inLanguage\":\"en-GB\",\"@id\":\"https:\\\/\\\/secure.gravatar.com\\\/avatar\\\/bcac7d315a4e05aeb39bce2d14198c95a03d84e82c33dfd39503a2ec6b5a8432?s=96&d=mm&r=g\",\"url\":\"https:\\\/\\\/secure.gravatar.com\\\/avatar\\\/bcac7d315a4e05aeb39bce2d14198c95a03d84e82c33dfd39503a2ec6b5a8432?s=96&d=mm&r=g\",\"contentUrl\":\"https:\\\/\\\/secure.gravatar.com\\\/avatar\\\/bcac7d315a4e05aeb39bce2d14198c95a03d84e82c33dfd39503a2ec6b5a8432?s=96&d=mm&r=g\",\"caption\":\"admin\"},\"sameAs\":[\"http:\\\/\\\/www.manert.cz\"],\"url\":\"https:\\\/\\\/www.manert.cz\\\/en\\\/author\\\/admin\\\/\"}]}<\/script>\n<!-- \/ Yoast SEO plugin. -->","yoast_head_json":{"title":"Pro\u010d je pro podnikatele kl\u00ed\u010dov\u00e9 m\u00edt profil na soci\u00e1ln\u00edch s\u00edt\u00edch? &#8226; MANERT \u2022 Marketingov\u00e9 a digit\u00e1ln\u00ed studio","description":"Nez\u00e1le\u017e\u00ed na velikosti firmy \u2013 ka\u017ed\u00fd podnikatel by m\u011bl zv\u00e1\u017eit vytvo\u0159en\u00ed a udr\u017eov\u00e1n\u00ed aktivn\u00edho profilu na soci\u00e1ln\u00edch s\u00edt\u00edch k budov\u00e1n\u00ed zna\u010dky.","robots":{"index":"index","follow":"follow","max-snippet":"max-snippet:-1","max-image-preview":"max-image-preview:large","max-video-preview":"max-video-preview:-1"},"canonical":"https:\/\/www.manert.cz\/en\/proc-je-pro-podnikatele-klicove-mit-profil-na-socialnich-sitich\/","og_locale":"en_GB","og_type":"article","og_title":"Pro\u010d je pro podnikatele kl\u00ed\u010dov\u00e9 m\u00edt profil na soci\u00e1ln\u00edch s\u00edt\u00edch? &#8226; MANERT \u2022 Marketingov\u00e9 a digit\u00e1ln\u00ed studio","og_description":"Nez\u00e1le\u017e\u00ed na velikosti firmy \u2013 ka\u017ed\u00fd podnikatel by m\u011bl zv\u00e1\u017eit vytvo\u0159en\u00ed a udr\u017eov\u00e1n\u00ed aktivn\u00edho profilu na soci\u00e1ln\u00edch s\u00edt\u00edch k budov\u00e1n\u00ed zna\u010dky.","og_url":"https:\/\/www.manert.cz\/en\/proc-je-pro-podnikatele-klicove-mit-profil-na-socialnich-sitich\/","og_site_name":"MANERT \u2022 Marketingov\u00e9 a digit\u00e1ln\u00ed studio","article_published_time":"2025-03-20T13:17:46+00:00","article_modified_time":"2025-09-29T18:00:38+00:00","author":"admin","twitter_card":"summary_large_image","twitter_misc":{"Written by":"admin","Estimated reading time":"3 minutes"},"schema":{"@context":"https:\/\/schema.org","@graph":[{"@type":"Article","@id":"https:\/\/www.manert.cz\/en\/proc-je-pro-podnikatele-klicove-mit-profil-na-socialnich-sitich\/#article","isPartOf":{"@id":"https:\/\/www.manert.cz\/en\/proc-je-pro-podnikatele-klicove-mit-profil-na-socialnich-sitich\/"},"author":{"name":"admin","@id":"https:\/\/www.manert.cz\/en\/#\/schema\/person\/7f87216f5154c7054734ed0e3b22dc7c"},"headline":"Pro\u010d je pro podnikatele kl\u00ed\u010dov\u00e9 m\u00edt profil na soci\u00e1ln\u00edch s\u00edt\u00edch?","datePublished":"2025-03-20T13:17:46+00:00","dateModified":"2025-09-29T18:00:38+00:00","mainEntityOfPage":{"@id":"https:\/\/www.manert.cz\/en\/proc-je-pro-podnikatele-klicove-mit-profil-na-socialnich-sitich\/"},"wordCount":821,"publisher":{"@id":"https:\/\/www.manert.cz\/en\/#organization"},"articleSection":["soci\u00e1ln\u00ed s\u00edt\u011b"],"inLanguage":"en-GB"},{"@type":"WebPage","@id":"https:\/\/www.manert.cz\/en\/proc-je-pro-podnikatele-klicove-mit-profil-na-socialnich-sitich\/","url":"https:\/\/www.manert.cz\/en\/proc-je-pro-podnikatele-klicove-mit-profil-na-socialnich-sitich\/","name":"Pro\u010d je pro podnikatele kl\u00ed\u010dov\u00e9 m\u00edt profil na soci\u00e1ln\u00edch s\u00edt\u00edch? &#8226; MANERT \u2022 Marketingov\u00e9 a digit\u00e1ln\u00ed studio","isPartOf":{"@id":"https:\/\/www.manert.cz\/en\/#website"},"datePublished":"2025-03-20T13:17:46+00:00","dateModified":"2025-09-29T18:00:38+00:00","description":"Nez\u00e1le\u017e\u00ed na velikosti firmy \u2013 ka\u017ed\u00fd podnikatel by m\u011bl zv\u00e1\u017eit vytvo\u0159en\u00ed a udr\u017eov\u00e1n\u00ed aktivn\u00edho profilu na soci\u00e1ln\u00edch s\u00edt\u00edch k budov\u00e1n\u00ed zna\u010dky.","breadcrumb":{"@id":"https:\/\/www.manert.cz\/en\/proc-je-pro-podnikatele-klicove-mit-profil-na-socialnich-sitich\/#breadcrumb"},"inLanguage":"en-GB","potentialAction":[{"@type":"ReadAction","target":["https:\/\/www.manert.cz\/en\/proc-je-pro-podnikatele-klicove-mit-profil-na-socialnich-sitich\/"]}]},{"@type":"BreadcrumbList","@id":"https:\/\/www.manert.cz\/en\/proc-je-pro-podnikatele-klicove-mit-profil-na-socialnich-sitich\/#breadcrumb","itemListElement":[{"@type":"ListItem","position":1,"name":"\u00davodn\u00ed str\u00e1nka","item":"https:\/\/www.manert.cz\/"},{"@type":"ListItem","position":2,"name":"Pro\u010d je pro podnikatele kl\u00ed\u010dov\u00e9 m\u00edt profil na soci\u00e1ln\u00edch s\u00edt\u00edch?"}]},{"@type":"WebSite","@id":"https:\/\/www.manert.cz\/en\/#website","url":"https:\/\/www.manert.cz\/en\/","name":"MANERT \u2022 Marketingov\u00e9 a digit\u00e1ln\u00ed studio","description":"MANERT \u2022 Marketingov\u00e9 a digit\u00e1ln\u00ed studio","publisher":{"@id":"https:\/\/www.manert.cz\/en\/#organization"},"alternateName":"MANERT \u2022 Marketingov\u00e9 a digit\u00e1ln\u00ed studio","potentialAction":[{"@type":"SearchAction","target":{"@type":"EntryPoint","urlTemplate":"https:\/\/www.manert.cz\/en\/?s={search_term_string}"},"query-input":{"@type":"PropertyValueSpecification","valueRequired":true,"valueName":"search_term_string"}}],"inLanguage":"en-GB"},{"@type":"Organization","@id":"https:\/\/www.manert.cz\/en\/#organization","name":"MANERT \u2022 Marketingov\u00e9 a digit\u00e1ln\u00ed studio","alternateName":"MANERT","url":"https:\/\/www.manert.cz\/en\/","logo":{"@type":"ImageObject","inLanguage":"en-GB","@id":"https:\/\/www.manert.cz\/en\/#\/schema\/logo\/image\/","url":"https:\/\/www.manert.cz\/wp-content\/uploads\/2025\/03\/m-favicon.png","contentUrl":"https:\/\/www.manert.cz\/wp-content\/uploads\/2025\/03\/m-favicon.png","width":512,"height":512,"caption":"MANERT \u2022 Marketingov\u00e9 a digit\u00e1ln\u00ed studio"},"image":{"@id":"https:\/\/www.manert.cz\/en\/#\/schema\/logo\/image\/"}},{"@type":"Person","@id":"https:\/\/www.manert.cz\/en\/#\/schema\/person\/7f87216f5154c7054734ed0e3b22dc7c","name":"admin","image":{"@type":"ImageObject","inLanguage":"en-GB","@id":"https:\/\/secure.gravatar.com\/avatar\/bcac7d315a4e05aeb39bce2d14198c95a03d84e82c33dfd39503a2ec6b5a8432?s=96&d=mm&r=g","url":"https:\/\/secure.gravatar.com\/avatar\/bcac7d315a4e05aeb39bce2d14198c95a03d84e82c33dfd39503a2ec6b5a8432?s=96&d=mm&r=g","contentUrl":"https:\/\/secure.gravatar.com\/avatar\/bcac7d315a4e05aeb39bce2d14198c95a03d84e82c33dfd39503a2ec6b5a8432?s=96&d=mm&r=g","caption":"admin"},"sameAs":["http:\/\/www.manert.cz"],"url":"https:\/\/www.manert.cz\/en\/author\/admin\/"}]}},"_links":{"self":[{"href":"https:\/\/www.manert.cz\/en\/wp-json\/wp\/v2\/posts\/1300","targetHints":{"allow":["GET"]}}],"collection":[{"href":"https:\/\/www.manert.cz\/en\/wp-json\/wp\/v2\/posts"}],"about":[{"href":"https:\/\/www.manert.cz\/en\/wp-json\/wp\/v2\/types\/post"}],"author":[{"embeddable":true,"href":"https:\/\/www.manert.cz\/en\/wp-json\/wp\/v2\/users\/1"}],"replies":[{"embeddable":true,"href":"https:\/\/www.manert.cz\/en\/wp-json\/wp\/v2\/comments?post=1300"}],"version-history":[{"count":20,"href":"https:\/\/www.manert.cz\/en\/wp-json\/wp\/v2\/posts\/1300\/revisions"}],"predecessor-version":[{"id":4664,"href":"https:\/\/www.manert.cz\/en\/wp-json\/wp\/v2\/posts\/1300\/revisions\/4664"}],"wp:attachment":[{"href":"https:\/\/www.manert.cz\/en\/wp-json\/wp\/v2\/media?parent=1300"}],"wp:term":[{"taxonomy":"category","embeddable":true,"href":"https:\/\/www.manert.cz\/en\/wp-json\/wp\/v2\/categories?post=1300"},{"taxonomy":"post_tag","embeddable":true,"href":"https:\/\/www.manert.cz\/en\/wp-json\/wp\/v2\/tags?post=1300"}],"curies":[{"name":"wp","href":"https:\/\/api.w.org\/{rel}","templated":true}]}}